{"id":6096,"date":"2025-01-07T17:13:38","date_gmt":"2025-01-07T16:13:38","guid":{"rendered":"https:\/\/mavitecgreenenergy.com\/?p=6096"},"modified":"2025-01-07T17:13:38","modified_gmt":"2025-01-07T16:13:38","slug":"mavitecs-2025-exhibition-calendar-meet-us-worldwide","status":"publish","type":"post","link":"https:\/\/mavitecgreenenergy.com\/tr\/mavitecs-2025-exhibition-calendar-meet-us-worldwide\/","title":{"rendered":"Mavitec'in 2025 Fuar Takvimi: D\u00fcnya \u00c7ap\u0131nda Bizimle Tan\u0131\u015f\u0131n"},"content":{"rendered":"<p><span style=\"font-weight: 400;\">Mavitec, 2025 y\u0131l\u0131nda yenilik\u00e7i Ye\u015fil Enerji \u00e7\u00f6z\u00fcmlerini \u015fu fuarda sergileyecek <a href=\"https:\/\/mavitecgreenenergy.com\/tr\/events\/\">d\u00fcnya \u00e7apinda sergi\u0307ler<\/a>. Bu etkinlikler, ba\u011flant\u0131 kurmak, i\u00e7g\u00f6r\u00fcleri payla\u015fmak ve birlikte de\u011feri nas\u0131l en \u00fcst d\u00fczeye \u00e7\u0131karabilece\u011fimizi ke\u015ffetmek i\u00e7in m\u00fckemmel bir f\u0131rsat sunuyor.<\/span><\/p>\n<p><span style=\"font-weight: 400;\">\ud83d\udccd <\/span><b>27-30 Ocak<\/b><span style=\"font-weight: 400;\"> | COMPOST2025 - Phoenix, Arizona<\/span><span style=\"font-weight: 400;\"><br \/>\n<\/span><span style=\"font-weight: 400;\">\ud83d\udccd <\/span><b>5-6 \u015eubat<\/b><span style=\"font-weight: 400;\"> | Bio360 Expo - Nantes, Fransa<\/span><span style=\"font-weight: 400;\"><br \/>\n<\/span><span style=\"font-weight: 400;\">\ud83d\udccd <\/span><b>28-30 Nisan<\/b><span style=\"font-weight: 400;\"> | BIOGAS AMERICAS - Denver, Colorado<\/span><span style=\"font-weight: 400;\"><br \/>\n<\/span><span style=\"font-weight: 400;\">\ud83d\udccd <\/span><b>5-8 May\u0131s<\/b><span style=\"font-weight: 400;\"> | WasteExpo - Las Vegas, Nevada<\/span><span style=\"font-weight: 400;\"><br \/>\n<\/span><span style=\"font-weight: 400;\">\ud83d\udccd <\/span><b>15-17 May\u0131s<\/b><span style=\"font-weight: 400;\"> | IFAT Eurasia - \u0130stanbul, T\u00fcrkiye<\/span><span style=\"font-weight: 400;\"><br \/>\n<\/span><span style=\"font-weight: 400;\">\ud83d\udccd <\/span><b>9-10 Temmuz<\/b><span style=\"font-weight: 400;\"> | D\u00fcnya Biyogaz Fuar\u0131 - Birmingham, Birle\u015fik Krall\u0131k<\/span><span style=\"font-weight: 400;\"><br \/>\n<\/span><span style=\"font-weight: 400;\">\ud83d\udccd <\/span><b>1-2 Ekim<\/b><span style=\"font-weight: 400;\"> | Salon del Gas Renovable - Valladolid, \u0130spanya<\/span><span style=\"font-weight: 400;\"><br \/>\n<\/span><span style=\"font-weight: 400;\">\ud83d\udccd <\/span><b>7-10 Ekim<\/b><span style=\"font-weight: 400;\"> | Pollutec - Lyon, Fransa<\/span><span style=\"font-weight: 400;\"><br \/>\n<\/span><span style=\"font-weight: 400;\">\ud83d\udccd <\/span><b>14-16 Ekim<\/b><span style=\"font-weight: 400;\"> | Poleco - Poznan, Polonya<\/span><span style=\"font-weight: 400;\"><br \/>\n<\/span><span style=\"font-weight: 400;\">\ud83d\udccd <\/span><b>4-7 Kas\u0131m<\/b><span style=\"font-weight: 400;\"> | Ecomondo - Rimini, \u0130talya<\/span><\/p>\n<p><span style=\"font-weight: 400;\">Ortaklar\u0131m\u0131z, m\u00fc\u015fterilerimiz ve Mavitec \u00e7\u00f6z\u00fcmlerinin i\u015finize nas\u0131l de\u011fer katabilece\u011fi hakk\u0131nda daha fazla bilgi edinmek isteyen herkesle tan\u0131\u015fmaktan heyecan duyuyoruz.<\/span><\/p>\n<p><b>Bu sergilerden birine kat\u0131lacak m\u0131s\u0131n\u0131z?<\/b><b><br \/>\n<\/b><span style=\"font-weight: 400;\">Standlar\u0131m\u0131za u\u011frad\u0131\u011f\u0131n\u0131zdan emin olun! Sorular\u0131n\u0131z varsa, f\u0131rsatlar\u0131 ke\u015ffetmek istiyorsan\u0131z veya sadece merhaba demek istiyorsan\u0131z, sizi orada g\u00f6rmeyi \u00e7ok isteriz. 2025 y\u0131l\u0131n\u0131 anlaml\u0131 i\u015fbirlikleriyle dolu bir y\u0131l yapal\u0131m!<\/span><\/p>","protected":false},"excerpt":{"rendered":"<p>In 2025, Mavitec will be showcasing its innovative Green Energy solutions at exhibitions across the globe. These events provide a perfect opportunity to connect, share insights, and explore how we can maximize value together. \ud83d\udccd 27-30 January | COMPOST2025 \u2013 Phoenix, Arizona \ud83d\udccd 5-6 February | Bio360 Expo \u2013 Nantes, France \ud83d\udccd 28-30 April | [&hellip;]<\/p>\n","protected":false},"author":10,"featured_media":6098,"comment_status":"closed","ping_status":"open","sticky":false,"template":"","format":"standard","meta":{"_acf_changed":false,"footnotes":""},"categories":[70,57],"tags":[],"class_list":["post-6096","post","type-post","status-publish","format-standard","has-post-thumbnail","hentry","category-exhibition","category-news"],"acf":[],"_links":{"self":[{"href":"https:\/\/mavitecgreenenergy.com\/tr\/wp-json\/wp\/v2\/posts\/6096","targetHints":{"allow":["GET"]}}],"collection":[{"href":"https:\/\/mavitecgreenenergy.com\/tr\/wp-json\/wp\/v2\/posts"}],"about":[{"href":"https:\/\/mavitecgreenenergy.com\/tr\/wp-json\/wp\/v2\/types\/post"}],"author":[{"embeddable":true,"href":"https:\/\/mavitecgreenenergy.com\/tr\/wp-json\/wp\/v2\/users\/10"}],"replies":[{"embeddable":true,"href":"https:\/\/mavitecgreenenergy.com\/tr\/wp-json\/wp\/v2\/comments?post=6096"}],"version-history":[{"count":1,"href":"https:\/\/mavitecgreenenergy.com\/tr\/wp-json\/wp\/v2\/posts\/6096\/revisions"}],"predecessor-version":[{"id":6097,"href":"https:\/\/mavitecgreenenergy.com\/tr\/wp-json\/wp\/v2\/posts\/6096\/revisions\/6097"}],"wp:featuredmedia":[{"embeddable":true,"href":"https:\/\/mavitecgreenenergy.com\/tr\/wp-json\/wp\/v2\/media\/6098"}],"wp:attachment":[{"href":"https:\/\/mavitecgreenenergy.com\/tr\/wp-json\/wp\/v2\/media?parent=6096"}],"wp:term":[{"taxonomy":"category","embeddable":true,"href":"https:\/\/mavitecgreenenergy.com\/tr\/wp-json\/wp\/v2\/categories?post=6096"},{"taxonomy":"post_tag","embeddable":true,"href":"https:\/\/mavitecgreenenergy.com\/tr\/wp-json\/wp\/v2\/tags?post=6096"}],"curies":[{"name":"wp","href":"https:\/\/api.w.org\/{rel}","templated":true}]}}