{"id":5317,"date":"2022-10-21T10:48:58","date_gmt":"2022-10-21T08:48:58","guid":{"rendered":"https:\/\/mavitecgreenenergy.com\/?p=5317"},"modified":"2022-10-24T10:58:48","modified_gmt":"2022-10-24T08:58:48","slug":"new-representative-portugal","status":"publish","type":"post","link":"https:\/\/mavitecgreenenergy.com\/tr\/new-representative-portugal\/","title":{"rendered":"Yeni temsilci Portekiz"},"content":{"rendered":"<p>Mavitec Green Energy&#039;nin G\u00fcney Avrupa&#039;daki ak\u0131ll\u0131 ve verimli g\u0131da at\u0131\u011f\u0131 ve ambalajdan ar\u0131nd\u0131rma \u00e7\u00f6z\u00fcmlerine y\u00f6nelik h\u0131zla artan talebi takip etmek i\u00e7in Portekiz&#039;deki yeni temsilcimizi duyurmaktan gurur duyuyoruz.<\/p>\n<p>End\u00fcstriyel ekipman ve i\u015fleme end\u00fcstrisindeki 50 y\u0131l\u0131 a\u015fk\u0131n tecr\u00fcbesiyle G.H\u00f6fle, sat\u0131\u015f, servis ve teknik destek i\u00e7in orta\u011f\u0131m\u0131z olacakt\u0131r. Bu ay<br \/>\nKoen van Veldhuisen ve Pascal Albers, yeni ortakl\u0131\u011f\u0131m\u0131z\u0131 kutlamak i\u00e7in Val\u00e9rio Manta ve Antonio Domingues ile el s\u0131k\u0131\u015ft\u0131.<\/p>\n<p>Mavitec ekibine ho\u015f geldiniz, Valerio ve Antonio! Portekiz pazar\u0131n\u0131 birlikte geni\u015fletmek i\u00e7in sab\u0131rs\u0131zlan\u0131yoruz.<\/p>\n<p>H\u00f6fle, Porto yak\u0131nlar\u0131ndad\u0131r ve g\u0131da at\u0131\u011f\u0131 ve ambalajdan \u00e7\u0131karma \u00e7\u00f6z\u00fcmlerimiz hakk\u0131nda herhangi bir sorunuz olursa size yard\u0131mc\u0131 olmaktan mutluluk duyar.<br \/>\nOnlarla ileti\u015fime ge\u00e7mekten \u00e7ekinmeyin:\u00a0<a href=\"mailto:valerio.manta@ghofle.pt\" data-attribute-index=\"15\">valerio.manta@ghofle.pt<\/a>\u00a0\/\u00a0<a href=\"mailto:ghofle@ghofle.pt\" data-attribute-index=\"16\">ghofle@ghofle.pt<\/a>\u00a0\/ +351 22 9603687.<\/p>\n<p>&nbsp;<\/p>\n<p>T\u00fcm Mavitec Ye\u015fil Enerji i\u00e7in buraya t\u0131klay\u0131n <a href=\"https:\/\/mavitecgreenenergy.com\/tr\/contact\/\">Ofisler ve Temsilciler.<\/a><\/p>","protected":false},"excerpt":{"rendered":"<p>To follow up the fastgrowing demand for Mavitec Green Energy\u2019s smart and efficient food waste &amp; depackaging solutions in the South of Europe, we are proud to announce our new representative in Portugal. With over 50 years of experience in the industrial equipment and processing industry G.H\u00f6fle will be our partner for sales, service and [&hellip;]<\/p>\n","protected":false},"author":6,"featured_media":5318,"comment_status":"closed","ping_status":"open","sticky":false,"template":"","format":"standard","meta":{"_acf_changed":false,"footnotes":""},"categories":[57],"tags":[],"class_list":["post-5317","post","type-post","status-publish","format-standard","has-post-thumbnail","hentry","category-news"],"acf":[],"_links":{"self":[{"href":"https:\/\/mavitecgreenenergy.com\/tr\/wp-json\/wp\/v2\/posts\/5317","targetHints":{"allow":["GET"]}}],"collection":[{"href":"https:\/\/mavitecgreenenergy.com\/tr\/wp-json\/wp\/v2\/posts"}],"about":[{"href":"https:\/\/mavitecgreenenergy.com\/tr\/wp-json\/wp\/v2\/types\/post"}],"author":[{"embeddable":true,"href":"https:\/\/mavitecgreenenergy.com\/tr\/wp-json\/wp\/v2\/users\/6"}],"replies":[{"embeddable":true,"href":"https:\/\/mavitecgreenenergy.com\/tr\/wp-json\/wp\/v2\/comments?post=5317"}],"version-history":[{"count":1,"href":"https:\/\/mavitecgreenenergy.com\/tr\/wp-json\/wp\/v2\/posts\/5317\/revisions"}],"predecessor-version":[{"id":5319,"href":"https:\/\/mavitecgreenenergy.com\/tr\/wp-json\/wp\/v2\/posts\/5317\/revisions\/5319"}],"wp:featuredmedia":[{"embeddable":true,"href":"https:\/\/mavitecgreenenergy.com\/tr\/wp-json\/wp\/v2\/media\/5318"}],"wp:attachment":[{"href":"https:\/\/mavitecgreenenergy.com\/tr\/wp-json\/wp\/v2\/media?parent=5317"}],"wp:term":[{"taxonomy":"category","embeddable":true,"href":"https:\/\/mavitecgreenenergy.com\/tr\/wp-json\/wp\/v2\/categories?post=5317"},{"taxonomy":"post_tag","embeddable":true,"href":"https:\/\/mavitecgreenenergy.com\/tr\/wp-json\/wp\/v2\/tags?post=5317"}],"curies":[{"name":"wp","href":"https:\/\/api.w.org\/{rel}","templated":true}]}}