{"id":5317,"date":"2022-10-21T10:48:58","date_gmt":"2022-10-21T08:48:58","guid":{"rendered":"https:\/\/mavitecgreenenergy.com\/?p=5317"},"modified":"2022-10-24T10:58:48","modified_gmt":"2022-10-24T08:58:48","slug":"new-representative-portugal","status":"publish","type":"post","link":"https:\/\/mavitecgreenenergy.com\/fr\/new-representative-portugal\/","title":{"rendered":"Nouveau repr\u00e9sentant Portugal"},"content":{"rendered":"<p>Pour r\u00e9pondre \u00e0 la demande croissante de solutions intelligentes et efficaces de d\u00e9chets alimentaires et de d\u00e9conditionnement de Mavitec Green Energy dans le sud de l&#039;Europe, nous sommes fiers d&#039;annoncer notre nouveau repr\u00e9sentant au Portugal.<\/p>\n<p>Avec plus de 50 ans d&#039;exp\u00e9rience dans l&#039;\u00e9quipement industriel et l&#039;industrie de transformation, G.H\u00f6fle sera notre partenaire pour la vente, le service et le support technique. Ce mois-ci<br \/>\nKoen van Veldhuisen et Pascal Albers ont serr\u00e9 la main de Val\u00e9rio Manta et Antonio Domingues pour c\u00e9l\u00e9brer notre nouveau partenariat.<\/p>\n<p>Bienvenue dans l&#039;\u00e9quipe Mavitec, Valerio et Antonio ! Nous sommes impatients d&#039;\u00e9largir ensemble le march\u00e9 portugais.<\/p>\n<p>H\u00f6fle est bas\u00e9 pr\u00e8s de Porto et se fera un plaisir de vous aider si vous avez des questions sur nos solutions de d\u00e9chets alimentaires et de d\u00e9ballage.<br \/>\nN&#039;h\u00e9sitez pas \u00e0 les contacter :\u00a0<a href=\"mailto:valerio.manta@ghofle.pt\" data-attribute-index=\"15\">valerio.manta@ghofle.pt<\/a>\u00a0\/\u00a0<a href=\"mailto:ghofle@ghofle.pt\" data-attribute-index=\"16\">ghofle@ghofle.pt<\/a>\u00a0\/ +351 22 9603687.<\/p>\n<p>&nbsp;<\/p>\n<p>Cliquez ici pour tous les Mavitec Green Energy <a href=\"https:\/\/mavitecgreenenergy.com\/fr\/contact\/\">Bureaux &amp; Repr\u00e9sentants .<\/a><\/p>","protected":false},"excerpt":{"rendered":"<p>To follow up the fastgrowing demand for Mavitec Green Energy\u2019s smart and efficient food waste &amp; depackaging solutions in the South of Europe, we are proud to announce our new representative in Portugal. With over 50 years of experience in the industrial equipment and processing industry G.H\u00f6fle will be our partner for sales, service and [&hellip;]<\/p>\n","protected":false},"author":6,"featured_media":5318,"comment_status":"closed","ping_status":"open","sticky":false,"template":"","format":"standard","meta":{"_acf_changed":false,"footnotes":""},"categories":[57],"tags":[],"class_list":["post-5317","post","type-post","status-publish","format-standard","has-post-thumbnail","hentry","category-news"],"acf":[],"_links":{"self":[{"href":"https:\/\/mavitecgreenenergy.com\/fr\/wp-json\/wp\/v2\/posts\/5317","targetHints":{"allow":["GET"]}}],"collection":[{"href":"https:\/\/mavitecgreenenergy.com\/fr\/wp-json\/wp\/v2\/posts"}],"about":[{"href":"https:\/\/mavitecgreenenergy.com\/fr\/wp-json\/wp\/v2\/types\/post"}],"author":[{"embeddable":true,"href":"https:\/\/mavitecgreenenergy.com\/fr\/wp-json\/wp\/v2\/users\/6"}],"replies":[{"embeddable":true,"href":"https:\/\/mavitecgreenenergy.com\/fr\/wp-json\/wp\/v2\/comments?post=5317"}],"version-history":[{"count":1,"href":"https:\/\/mavitecgreenenergy.com\/fr\/wp-json\/wp\/v2\/posts\/5317\/revisions"}],"predecessor-version":[{"id":5319,"href":"https:\/\/mavitecgreenenergy.com\/fr\/wp-json\/wp\/v2\/posts\/5317\/revisions\/5319"}],"wp:featuredmedia":[{"embeddable":true,"href":"https:\/\/mavitecgreenenergy.com\/fr\/wp-json\/wp\/v2\/media\/5318"}],"wp:attachment":[{"href":"https:\/\/mavitecgreenenergy.com\/fr\/wp-json\/wp\/v2\/media?parent=5317"}],"wp:term":[{"taxonomy":"category","embeddable":true,"href":"https:\/\/mavitecgreenenergy.com\/fr\/wp-json\/wp\/v2\/categories?post=5317"},{"taxonomy":"post_tag","embeddable":true,"href":"https:\/\/mavitecgreenenergy.com\/fr\/wp-json\/wp\/v2\/tags?post=5317"}],"curies":[{"name":"wp","href":"https:\/\/api.w.org\/{rel}","templated":true}]}}